{"id":5330,"date":"2023-07-13T13:11:19","date_gmt":"2023-07-13T11:11:19","guid":{"rendered":"http:\/\/www.tarnowschule.de\/blog\/?p=5330"},"modified":"2023-07-17T11:39:11","modified_gmt":"2023-07-17T09:39:11","slug":"schon-wieder-ist-ein-jahr-um","status":"publish","type":"post","link":"http:\/\/www.tarnowschule.de\/blog\/2023\/07\/schon-wieder-ist-ein-jahr-um\/","title":{"rendered":"Schon wieder ist ein Jahr um"},"content":{"rendered":"\n<p>Heute haben wir feierlich, mit viel Spa\u00df und gro\u00dfartiger Unterst\u00fctzung durch Eltern, erwachsene Geschwister, Praktikanten und Praktikantinnen, Studentinnen und externe Partnerinstitutionen und -vereine mit einem tollen Schulfest die Projekttage &#8222;Wasser und Meer&#8220; abgeschlossen. Morgen gibt es Zeugnisse und die 4. Klassen haben ihren letzten Schultag bei uns. Die R\u00e4ume sind f\u00fcr die j\u00e4hrliche Grundreinigung vorbereitet und wenn alles l\u00e4uft wie geplant, starten wir das neue Schuljahr mit digitalen Tafeln. <\/p>\n\n\n\n<p>Im <a href=\"http:\/\/www.tarnowschule.de\/blog\/termine\/\" target=\"_blank\" rel=\"noreferrer noopener\">Bereich Termine<\/a> sind alle bereits feststehenden Termine des Schuljahres 2023\/ 2024, auch Ferien und Feiertage, zu finden. Diese werden \u00fcber das Schuljahr regelm\u00e4\u00dfig aktualisiert und erg\u00e4nzt. <\/p>\n\n\n\n<p>In der 1. Woche erhalten die Kinder ihre B\u00fccher und Arbeitshefte und Klasse 3 zus\u00e4tzlich alle Informationen zum Schwimmunterricht. Am Freitag der 2. Schulwoche gibt es den neuen Stundenplan. Die Schreiben zum \u00dcberweisen des Elterngrenzbetrages an die Stadt Rostock gehen Anfang des Schuljahres an die Sorgeberechtigten raus (30,68 \u20ac, eine \u00dcberweisung pro Kind, genauen Verwendungszweck beachten und angeben). Die ersten beiden Schulwochen dienen dem Schulstart nach den Sommerferien. Alle Unterrichtsstunden werden in der Regel durch die Klassenleitung gehalten, erste Lernstandsanalysen in Deutsch und Mathematik erhoben. Laut Schulkonferenzbeschluss endet der Unterricht an diesen Tagen um 11.20 Uhr. Die Elternversammlungen finden in der 3. Schulwoche statt. Die genauen Termine werden in den Klassen bekannt gegeben.<\/p>\n\n\n\n<p>Wir w\u00fcnschen allen Kindern und Familien wundersch\u00f6ne Sommerferien. Liebe Kinder, kommt gesund wieder, liebe (ehemalige) Viertkl\u00e4ssler, euch einen tollen Start in den neuen Schulen. Behaltet uns in guter Erinnerung!<\/p>\n","protected":false},"excerpt":{"rendered":"<p>Heute haben wir feierlich, mit viel Spa\u00df und gro\u00dfartiger Unterst\u00fctzung durch Eltern, erwachsene Geschwister, Praktikanten und Praktikantinnen, Studentinnen und externe Partnerinstitutionen und -vereine mit einem tollen Schulfest die Projekttage &#8222;Wasser und Meer&#8220; abgeschlossen. Morgen gibt es Zeugnisse und die 4. Klassen haben ihren letzten Schultag bei uns. Die R\u00e4ume sind f\u00fcr die j\u00e4hrliche Grundreinigung vorbereitet [&hellip;]<\/p>\n","protected":false},"author":13,"featured_media":0,"comment_status":"closed","ping_status":"closed","sticky":false,"template":"","format":"standard","meta":{"site-sidebar-layout":"default","site-content-layout":"","ast-site-content-layout":"default","site-content-style":"default","site-sidebar-style":"default","ast-global-header-display":"","ast-banner-title-visibility":"","ast-main-header-display":"","ast-hfb-above-header-display":"","ast-hfb-below-header-display":"","ast-hfb-mobile-header-display":"","site-post-title":"","ast-breadcrumbs-content":null,"ast-featured-img":"","footer-sml-layout":"","ast-disable-related-posts":"","theme-transparent-header-meta":"","adv-header-id-meta":null,"stick-header-meta":null,"header-above-stick-meta":null,"header-main-stick-meta":null,"header-below-stick-meta":null,"astra-migrate-meta-layouts":"default","ast-page-background-enabled":"default","ast-page-background-meta":{"desktop":{"background-color":"","background-image":"","background-repeat":"repeat","background-position":"center center","background-size":"auto","background-attachment":"scroll","background-type":"","background-media":"","overlay-type":"","overlay-color":"","overlay-opacity":"","overlay-gradient":""},"tablet":{"background-color":"","background-image":"","background-repeat":"repeat","background-position":"center center","background-size":"auto","background-attachment":"scroll","background-type":"","background-media":"","overlay-type":"","overlay-color":"","overlay-opacity":"","overlay-gradient":""},"mobile":{"background-color":"","background-image":"","background-repeat":"repeat","background-position":"center center","background-size":"auto","background-attachment":"scroll","background-type":"","background-media":"","overlay-type":"","overlay-color":"","overlay-opacity":"","overlay-gradient":""}},"ast-content-background-meta":{"desktop":{"background-color":"var(--ast-global-color-5)","background-image":"","background-repeat":"repeat","background-position":"center center","background-size":"auto","background-attachment":"scroll","background-type":"","background-media":"","overlay-type":"","overlay-color":"","overlay-opacity":"","overlay-gradient":""},"tablet":{"background-color":"var(--ast-global-color-5)","background-image":"","background-repeat":"repeat","background-position":"center center","background-size":"auto","background-attachment":"scroll","background-type":"","background-media":"","overlay-type":"","overlay-color":"","overlay-opacity":"","overlay-gradient":""},"mobile":{"background-color":"var(--ast-global-color-5)","background-image":"","background-repeat":"repeat","background-position":"center center","background-size":"auto","background-attachment":"scroll","background-type":"","background-media":"","overlay-type":"","overlay-color":"","overlay-opacity":"","overlay-gradient":""}},"footnotes":""},"categories":[1],"tags":[],"class_list":["post-5330","post","type-post","status-publish","format-standard","hentry","category-home"],"_links":{"self":[{"href":"http:\/\/www.tarnowschule.de\/blog\/wp-json\/wp\/v2\/posts\/5330","targetHints":{"allow":["GET"]}}],"collection":[{"href":"http:\/\/www.tarnowschule.de\/blog\/wp-json\/wp\/v2\/posts"}],"about":[{"href":"http:\/\/www.tarnowschule.de\/blog\/wp-json\/wp\/v2\/types\/post"}],"author":[{"embeddable":true,"href":"http:\/\/www.tarnowschule.de\/blog\/wp-json\/wp\/v2\/users\/13"}],"replies":[{"embeddable":true,"href":"http:\/\/www.tarnowschule.de\/blog\/wp-json\/wp\/v2\/comments?post=5330"}],"version-history":[{"count":10,"href":"http:\/\/www.tarnowschule.de\/blog\/wp-json\/wp\/v2\/posts\/5330\/revisions"}],"predecessor-version":[{"id":5345,"href":"http:\/\/www.tarnowschule.de\/blog\/wp-json\/wp\/v2\/posts\/5330\/revisions\/5345"}],"wp:attachment":[{"href":"http:\/\/www.tarnowschule.de\/blog\/wp-json\/wp\/v2\/media?parent=5330"}],"wp:term":[{"taxonomy":"category","embeddable":true,"href":"http:\/\/www.tarnowschule.de\/blog\/wp-json\/wp\/v2\/categories?post=5330"},{"taxonomy":"post_tag","embeddable":true,"href":"http:\/\/www.tarnowschule.de\/blog\/wp-json\/wp\/v2\/tags?post=5330"}],"curies":[{"name":"wp","href":"https:\/\/api.w.org\/{rel}","templated":true}]}}