{"id":5132,"date":"2022-02-25T11:54:16","date_gmt":"2022-02-25T10:54:16","guid":{"rendered":"http:\/\/www.tarnowschule.de\/blog\/?p=5132"},"modified":"2022-02-25T11:56:59","modified_gmt":"2022-02-25T10:56:59","slug":"fachunterricht-und-neuer-stundenplan","status":"publish","type":"post","link":"http:\/\/www.tarnowschule.de\/blog\/2022\/02\/fachunterricht-und-neuer-stundenplan\/","title":{"rendered":"Fachunterricht und neuer Stundenplan"},"content":{"rendered":"\n<p>Ab Montag (28.2.2022) findet bei uns regul\u00e4rer (Fach-) Unterricht statt. Es wurde ein neuer Stundenplan f\u00fcr alle Klassen erstellt und den Kindern mitgegeben. Bei R\u00fcckfragen dazu wenden Sie sich bitte an die Klassenlehrerin bzw. den Klassenlehrer Ihres Kindes.<\/p>\n\n\n\n<p>\u00dcber die Aufhebung der Maskenpflicht in den Klassenr\u00e4umen und die \u00c4nderung des Testh\u00e4ufigkeit haben wir noch keine offiziellen Informationen erhalten. Diese leiten wir dann umgehend an Sie weiter.<\/p>\n\n\n\n<p>Im Rahmen des von der Landesregierung gef\u00f6rderten und von den Universit\u00e4tsmedizinen Greifswald und Rostock durchgef\u00fchrten Projektes \u201eschugi-MV\u201c (Wissenschaftliche Begleitung der Schul\u00f6ffnung unter Pandemiebedingungen in Mecklenburg-Vorpommern) wird von der Universit\u00e4tsmedizin Greifswald erneut eine Umfrage zum Lernen und Lehren unter Pandemiebedingungen durchgef\u00fchrt. Die Umfrage richtet sich wieder an Schulleiter\/innen, an Sch\u00fcler\/innen, Eltern bzw. Erziehungsberechtigte und an Lehrer\/innen. Die Umfrage diesmal einen etwas anderen Fokus, soll aber erneut die Perspektive aller Beteiligten im Setting Schule einbeziehen. Anschlie\u00dfend werden die Ergebnisse und auch die daraus abgeleiteten Empfehlungen im Bildungsministerium vorgestellt. Diese Umfrage ist bis zum 28.2.2022 online.<\/p>\n\n\n\n<p>F\u00fcr Sch\u00fclerinnen und Sch\u00fcler: <a href=\"https:\/\/www.soscisurvey.de\/schugi-MV3\/?q=qnrSchuelerIn\" target=\"_blank\" rel=\"noreferrer noopener\">Hier.<\/a><\/p>\n\n\n\n<p>F\u00fcr Eltern\/ Sotgeberechtigte: <a href=\"https:\/\/www.soscisurvey.de\/schugi-MV3\/?q=qnrEltern\" target=\"_blank\" rel=\"noreferrer noopener\">Hier.<\/a><\/p>\n\n\n\n<p>F\u00fcr Lehrkr\u00e4fte: <a href=\"https:\/\/www.soscisurvey.de\/schugi-MV3\/?q=qnrLehrerIn\" target=\"_blank\" rel=\"noreferrer noopener\">Hier.<\/a><strong> <\/strong><\/p>\n","protected":false},"excerpt":{"rendered":"<p>Ab Montag (28.2.2022) findet bei uns regul\u00e4rer (Fach-) Unterricht statt. Es wurde ein neuer Stundenplan f\u00fcr alle Klassen erstellt und den Kindern mitgegeben. Bei R\u00fcckfragen dazu wenden Sie sich bitte an die Klassenlehrerin bzw. den Klassenlehrer Ihres Kindes. \u00dcber die Aufhebung der Maskenpflicht in den Klassenr\u00e4umen und die \u00c4nderung des Testh\u00e4ufigkeit haben wir noch keine [&hellip;]<\/p>\n","protected":false},"author":13,"featured_media":0,"comment_status":"closed","ping_status":"closed","sticky":false,"template":"","format":"standard","meta":{"site-sidebar-layout":"default","site-content-layout":"","ast-site-content-layout":"default","site-content-style":"default","site-sidebar-style":"default","ast-global-header-display":"","ast-banner-title-visibility":"","ast-main-header-display":"","ast-hfb-above-header-display":"","ast-hfb-below-header-display":"","ast-hfb-mobile-header-display":"","site-post-title":"","ast-breadcrumbs-content":null,"ast-featured-img":"","footer-sml-layout":"","ast-disable-related-posts":"","theme-transparent-header-meta":"","adv-header-id-meta":null,"stick-header-meta":null,"header-above-stick-meta":null,"header-main-stick-meta":null,"header-below-stick-meta":null,"astra-migrate-meta-layouts":"default","ast-page-background-enabled":"default","ast-page-background-meta":{"desktop":{"background-color":"","background-image":"","background-repeat":"repeat","background-position":"center center","background-size":"auto","background-attachment":"scroll","background-type":"","background-media":"","overlay-type":"","overlay-color":"","overlay-opacity":"","overlay-gradient":""},"tablet":{"background-color":"","background-image":"","background-repeat":"repeat","background-position":"center center","background-size":"auto","background-attachment":"scroll","background-type":"","background-media":"","overlay-type":"","overlay-color":"","overlay-opacity":"","overlay-gradient":""},"mobile":{"background-color":"","background-image":"","background-repeat":"repeat","background-position":"center center","background-size":"auto","background-attachment":"scroll","background-type":"","background-media":"","overlay-type":"","overlay-color":"","overlay-opacity":"","overlay-gradient":""}},"ast-content-background-meta":{"desktop":{"background-color":"var(--ast-global-color-5)","background-image":"","background-repeat":"repeat","background-position":"center center","background-size":"auto","background-attachment":"scroll","background-type":"","background-media":"","overlay-type":"","overlay-color":"","overlay-opacity":"","overlay-gradient":""},"tablet":{"background-color":"var(--ast-global-color-5)","background-image":"","background-repeat":"repeat","background-position":"center center","background-size":"auto","background-attachment":"scroll","background-type":"","background-media":"","overlay-type":"","overlay-color":"","overlay-opacity":"","overlay-gradient":""},"mobile":{"background-color":"var(--ast-global-color-5)","background-image":"","background-repeat":"repeat","background-position":"center center","background-size":"auto","background-attachment":"scroll","background-type":"","background-media":"","overlay-type":"","overlay-color":"","overlay-opacity":"","overlay-gradient":""}},"footnotes":""},"categories":[1],"tags":[],"class_list":["post-5132","post","type-post","status-publish","format-standard","hentry","category-home"],"_links":{"self":[{"href":"http:\/\/www.tarnowschule.de\/blog\/wp-json\/wp\/v2\/posts\/5132","targetHints":{"allow":["GET"]}}],"collection":[{"href":"http:\/\/www.tarnowschule.de\/blog\/wp-json\/wp\/v2\/posts"}],"about":[{"href":"http:\/\/www.tarnowschule.de\/blog\/wp-json\/wp\/v2\/types\/post"}],"author":[{"embeddable":true,"href":"http:\/\/www.tarnowschule.de\/blog\/wp-json\/wp\/v2\/users\/13"}],"replies":[{"embeddable":true,"href":"http:\/\/www.tarnowschule.de\/blog\/wp-json\/wp\/v2\/comments?post=5132"}],"version-history":[{"count":1,"href":"http:\/\/www.tarnowschule.de\/blog\/wp-json\/wp\/v2\/posts\/5132\/revisions"}],"predecessor-version":[{"id":5133,"href":"http:\/\/www.tarnowschule.de\/blog\/wp-json\/wp\/v2\/posts\/5132\/revisions\/5133"}],"wp:attachment":[{"href":"http:\/\/www.tarnowschule.de\/blog\/wp-json\/wp\/v2\/media?parent=5132"}],"wp:term":[{"taxonomy":"category","embeddable":true,"href":"http:\/\/www.tarnowschule.de\/blog\/wp-json\/wp\/v2\/categories?post=5132"},{"taxonomy":"post_tag","embeddable":true,"href":"http:\/\/www.tarnowschule.de\/blog\/wp-json\/wp\/v2\/tags?post=5132"}],"curies":[{"name":"wp","href":"https:\/\/api.w.org\/{rel}","templated":true}]}}