{"id":5011,"date":"2021-09-29T12:17:12","date_gmt":"2021-09-29T10:17:12","guid":{"rendered":"http:\/\/www.tarnowschule.de\/blog\/?p=5011"},"modified":"2021-09-30T07:47:38","modified_gmt":"2021-09-30T05:47:38","slug":"maskenpflicht-nach-den-ferien-sowie-vorlage-der-gesundheitsbestaetigung","status":"publish","type":"post","link":"http:\/\/www.tarnowschule.de\/blog\/2021\/09\/maskenpflicht-nach-den-ferien-sowie-vorlage-der-gesundheitsbestaetigung\/","title":{"rendered":"Maskenpflicht nach den Ferien sowie Vorlage der Gesundheitsbest\u00e4tigung"},"content":{"rendered":"\n<p>F\u00fcr die ersten&nbsp;<strong>14 Tage<\/strong> (11.10. bis 22.10.2021) <strong>nach den Herbstferien<\/strong> besteht die&nbsp;Pflicht zum Tragen einer <strong>Mund-Nasen-Bedeckung<\/strong>. Diese Ma\u00dfnahme dient ausdr\u00fccklich dem gegenseitigen Schutz nach Wiederaufnahme des Unterrichts nach den Ferien.<\/p>\n\n\n\n<p>Au\u00dferdem muss am\u00a0Morgen des<strong> ersten Schultages nach den Ferien die\u00a0unterschriebene Erkl\u00e4rung \u00fcber das Reiseverhalten\u00a0(Gesundheitsbest\u00e4tigung) <\/strong> vorliegen.  Wenn die Sch\u00fclerin oder der Sch\u00fcler  wegen Krankheit zu einem sp\u00e4teren Termin nach den Herbstferien erstmals in der Schule erscheint, so hat sie bzw. er die Erkl\u00e4rung dann vorzulegen. Sch\u00fclerinnen und Sch\u00fcler d\u00fcrfen bei einer Nichtabgabe der Erkl\u00e4rung\u00a0nicht am Unterricht teilnehmen. Sie werden gesondert betreut. Die Erziehungsberechtigten werden informiert und aufgefordert, die Erkl\u00e4rung abzugeben oder ihr Kind abzuholen.<\/p>\n\n\n\n<div class=\"wp-block-file\"><a href=\"http:\/\/www.tarnowschule.de\/blog\/wp-content\/uploads\/2021\/09\/Erklaerung-ueber-das-Reiseverhalten-Gesundheitsbestaetigung.pdf\">Erkl\u00e4rung \u00fcber das Reiseverhalten (Gesundheitsbest\u00e4tigung)<\/a><a href=\"http:\/\/www.tarnowschule.de\/blog\/wp-content\/uploads\/2021\/09\/Erklaerung-ueber-das-Reiseverhalten-Gesundheitsbestaetigung.pdf\" class=\"wp-block-file__button\" download>Herunterladen<\/a><\/div>\n\n\n\n<p><strong>In den Herbstferien ist das Schulsekretariat nicht besetzt!<\/strong><\/p>\n","protected":false},"excerpt":{"rendered":"<p>F\u00fcr die ersten&nbsp;14 Tage (11.10. bis 22.10.2021) nach den Herbstferien besteht die&nbsp;Pflicht zum Tragen einer Mund-Nasen-Bedeckung. Diese Ma\u00dfnahme dient ausdr\u00fccklich dem gegenseitigen Schutz nach Wiederaufnahme des Unterrichts nach den Ferien. Au\u00dferdem muss am\u00a0Morgen des ersten Schultages nach den Ferien die\u00a0unterschriebene Erkl\u00e4rung \u00fcber das Reiseverhalten\u00a0(Gesundheitsbest\u00e4tigung) vorliegen. Wenn die Sch\u00fclerin oder der Sch\u00fcler wegen Krankheit zu einem [&hellip;]<\/p>\n","protected":false},"author":13,"featured_media":0,"comment_status":"closed","ping_status":"closed","sticky":false,"template":"","format":"standard","meta":{"site-sidebar-layout":"default","site-content-layout":"default","ast-site-content-layout":"default","site-content-style":"default","site-sidebar-style":"default","ast-global-header-display":"","ast-banner-title-visibility":"","ast-main-header-display":"","ast-hfb-above-header-display":"","ast-hfb-below-header-display":"","ast-hfb-mobile-header-display":"","site-post-title":"","ast-breadcrumbs-content":"","ast-featured-img":"","footer-sml-layout":"","ast-disable-related-posts":"","theme-transparent-header-meta":"default","adv-header-id-meta":null,"stick-header-meta":null,"header-above-stick-meta":null,"header-main-stick-meta":null,"header-below-stick-meta":null,"astra-migrate-meta-layouts":"default","ast-page-background-enabled":"default","ast-page-background-meta":{"desktop":{"background-color":"","background-image":"","background-repeat":"repeat","background-position":"center center","background-size":"auto","background-attachment":"scroll","background-type":"","background-media":"","overlay-type":"","overlay-color":"","overlay-opacity":"","overlay-gradient":""},"tablet":{"background-color":"","background-image":"","background-repeat":"repeat","background-position":"center center","background-size":"auto","background-attachment":"scroll","background-type":"","background-media":"","overlay-type":"","overlay-color":"","overlay-opacity":"","overlay-gradient":""},"mobile":{"background-color":"","background-image":"","background-repeat":"repeat","background-position":"center center","background-size":"auto","background-attachment":"scroll","background-type":"","background-media":"","overlay-type":"","overlay-color":"","overlay-opacity":"","overlay-gradient":""}},"ast-content-background-meta":{"desktop":{"background-color":"var(--ast-global-color-5)","background-image":"","background-repeat":"repeat","background-position":"center center","background-size":"auto","background-attachment":"scroll","background-type":"","background-media":"","overlay-type":"","overlay-color":"","overlay-opacity":"","overlay-gradient":""},"tablet":{"background-color":"var(--ast-global-color-5)","background-image":"","background-repeat":"repeat","background-position":"center center","background-size":"auto","background-attachment":"scroll","background-type":"","background-media":"","overlay-type":"","overlay-color":"","overlay-opacity":"","overlay-gradient":""},"mobile":{"background-color":"var(--ast-global-color-5)","background-image":"","background-repeat":"repeat","background-position":"center center","background-size":"auto","background-attachment":"scroll","background-type":"","background-media":"","overlay-type":"","overlay-color":"","overlay-opacity":"","overlay-gradient":""}},"footnotes":""},"categories":[1],"tags":[],"class_list":["post-5011","post","type-post","status-publish","format-standard","hentry","category-home"],"_links":{"self":[{"href":"http:\/\/www.tarnowschule.de\/blog\/wp-json\/wp\/v2\/posts\/5011","targetHints":{"allow":["GET"]}}],"collection":[{"href":"http:\/\/www.tarnowschule.de\/blog\/wp-json\/wp\/v2\/posts"}],"about":[{"href":"http:\/\/www.tarnowschule.de\/blog\/wp-json\/wp\/v2\/types\/post"}],"author":[{"embeddable":true,"href":"http:\/\/www.tarnowschule.de\/blog\/wp-json\/wp\/v2\/users\/13"}],"replies":[{"embeddable":true,"href":"http:\/\/www.tarnowschule.de\/blog\/wp-json\/wp\/v2\/comments?post=5011"}],"version-history":[{"count":9,"href":"http:\/\/www.tarnowschule.de\/blog\/wp-json\/wp\/v2\/posts\/5011\/revisions"}],"predecessor-version":[{"id":5025,"href":"http:\/\/www.tarnowschule.de\/blog\/wp-json\/wp\/v2\/posts\/5011\/revisions\/5025"}],"wp:attachment":[{"href":"http:\/\/www.tarnowschule.de\/blog\/wp-json\/wp\/v2\/media?parent=5011"}],"wp:term":[{"taxonomy":"category","embeddable":true,"href":"http:\/\/www.tarnowschule.de\/blog\/wp-json\/wp\/v2\/categories?post=5011"},{"taxonomy":"post_tag","embeddable":true,"href":"http:\/\/www.tarnowschule.de\/blog\/wp-json\/wp\/v2\/tags?post=5011"}],"curies":[{"name":"wp","href":"https:\/\/api.w.org\/{rel}","templated":true}]}}