{"id":4507,"date":"2021-01-06T20:01:55","date_gmt":"2021-01-06T19:01:55","guid":{"rendered":"http:\/\/www.tarnowschule.de\/blog\/?p=4507"},"modified":"2021-01-12T11:21:24","modified_gmt":"2021-01-12T10:21:24","slug":"praesenzunterricht-bleibt-ausgesetzt","status":"publish","type":"post","link":"http:\/\/www.tarnowschule.de\/blog\/2021\/01\/praesenzunterricht-bleibt-ausgesetzt\/","title":{"rendered":"Pr\u00e4senzunterricht bleibt ausgesetzt"},"content":{"rendered":"\n<p>Am 5. Januar 2021 wurde im Rahmen der Ministerpr\u00e4sidentenkonferenz beschlossen, die seit dem 16.12.2020  f\u00fcr die Schulen gefassten Beschl\u00fcsse fortzuf\u00fchren. Das schlie\u00dft den Appell von Eltern von Grundsch\u00fclerinnen und Grundsch\u00fclern ein, die Kinder zu Hause zu betreuen, wenn sie nicht aus beruflichen Gr\u00fcnden das Betreuungsangebot der Schule in Anspruch nehmen m\u00fcssen. Die Pr\u00e4senzpflicht bleibt in Mecklenburg-Vorpommern ausgesetzt. Kinder, die nicht zu Hause betreut werden k\u00f6nnen, werden bei der L\u00f6sung der gestellten Aufgaben in der Schule begleitet. Es findet in der Grundschule &#8222;Rudolf Tarnow&#8220; (entsprechend der Vorgaben des Bildungsministeriums) kein Pr\u00e4senzunterricht statt.<\/p>\n\n\n\n<p><strong>F\u00fcr die Inanspruchnahme des Begleitangebotes in der Schule (Notbetreuung) muss von den Eltern (ab 11.1.2021) eine Selbsterkl\u00e4rung abgegeben werden. Ein entsprechendes Formular wird hier Online sowie im Sekretariat der Schule bereitgestellt, sobald wir es vom Bildungsministerium erhalten haben.<\/strong><\/p>\n\n\n\n<p>Wenn die Inzidenzen in Landkreisen oder kreisfreien St\u00e4dten in Mecklenburg-Vorpommern verl\u00e4sslich unter 50 liegen, wird ab dem 18. Januar 2021 gepr\u00fcft, ob eine Beschulung f\u00fcr die Grundschulen in Pr\u00e4senzform m\u00f6glich ist. <\/p>\n","protected":false},"excerpt":{"rendered":"<p>Am 5. Januar 2021 wurde im Rahmen der Ministerpr\u00e4sidentenkonferenz beschlossen, die seit dem 16.12.2020 f\u00fcr die Schulen gefassten Beschl\u00fcsse fortzuf\u00fchren. Das schlie\u00dft den Appell von Eltern von Grundsch\u00fclerinnen und Grundsch\u00fclern ein, die Kinder zu Hause zu betreuen, wenn sie nicht aus beruflichen Gr\u00fcnden das Betreuungsangebot der Schule in Anspruch nehmen m\u00fcssen. Die Pr\u00e4senzpflicht bleibt in [&hellip;]<\/p>\n","protected":false},"author":13,"featured_media":0,"comment_status":"closed","ping_status":"closed","sticky":false,"template":"","format":"standard","meta":{"site-sidebar-layout":"default","site-content-layout":"default","ast-site-content-layout":"default","site-content-style":"default","site-sidebar-style":"default","ast-global-header-display":"","ast-banner-title-visibility":"","ast-main-header-display":"","ast-hfb-above-header-display":"","ast-hfb-below-header-display":"","ast-hfb-mobile-header-display":"","site-post-title":"","ast-breadcrumbs-content":null,"ast-featured-img":"","footer-sml-layout":"","ast-disable-related-posts":"","theme-transparent-header-meta":"default","adv-header-id-meta":null,"stick-header-meta":null,"header-above-stick-meta":null,"header-main-stick-meta":null,"header-below-stick-meta":null,"astra-migrate-meta-layouts":"default","ast-page-background-enabled":"default","ast-page-background-meta":{"desktop":{"background-color":"","background-image":"","background-repeat":"repeat","background-position":"center center","background-size":"auto","background-attachment":"scroll","background-type":"","background-media":"","overlay-type":"","overlay-color":"","overlay-opacity":"","overlay-gradient":""},"tablet":{"background-color":"","background-image":"","background-repeat":"repeat","background-position":"center center","background-size":"auto","background-attachment":"scroll","background-type":"","background-media":"","overlay-type":"","overlay-color":"","overlay-opacity":"","overlay-gradient":""},"mobile":{"background-color":"","background-image":"","background-repeat":"repeat","background-position":"center center","background-size":"auto","background-attachment":"scroll","background-type":"","background-media":"","overlay-type":"","overlay-color":"","overlay-opacity":"","overlay-gradient":""}},"ast-content-background-meta":{"desktop":{"background-color":"var(--ast-global-color-5)","background-image":"","background-repeat":"repeat","background-position":"center center","background-size":"auto","background-attachment":"scroll","background-type":"","background-media":"","overlay-type":"","overlay-color":"","overlay-opacity":"","overlay-gradient":""},"tablet":{"background-color":"var(--ast-global-color-5)","background-image":"","background-repeat":"repeat","background-position":"center center","background-size":"auto","background-attachment":"scroll","background-type":"","background-media":"","overlay-type":"","overlay-color":"","overlay-opacity":"","overlay-gradient":""},"mobile":{"background-color":"var(--ast-global-color-5)","background-image":"","background-repeat":"repeat","background-position":"center center","background-size":"auto","background-attachment":"scroll","background-type":"","background-media":"","overlay-type":"","overlay-color":"","overlay-opacity":"","overlay-gradient":""}},"footnotes":""},"categories":[1],"tags":[],"class_list":["post-4507","post","type-post","status-publish","format-standard","hentry","category-home"],"_links":{"self":[{"href":"http:\/\/www.tarnowschule.de\/blog\/wp-json\/wp\/v2\/posts\/4507","targetHints":{"allow":["GET"]}}],"collection":[{"href":"http:\/\/www.tarnowschule.de\/blog\/wp-json\/wp\/v2\/posts"}],"about":[{"href":"http:\/\/www.tarnowschule.de\/blog\/wp-json\/wp\/v2\/types\/post"}],"author":[{"embeddable":true,"href":"http:\/\/www.tarnowschule.de\/blog\/wp-json\/wp\/v2\/users\/13"}],"replies":[{"embeddable":true,"href":"http:\/\/www.tarnowschule.de\/blog\/wp-json\/wp\/v2\/comments?post=4507"}],"version-history":[{"count":3,"href":"http:\/\/www.tarnowschule.de\/blog\/wp-json\/wp\/v2\/posts\/4507\/revisions"}],"predecessor-version":[{"id":4510,"href":"http:\/\/www.tarnowschule.de\/blog\/wp-json\/wp\/v2\/posts\/4507\/revisions\/4510"}],"wp:attachment":[{"href":"http:\/\/www.tarnowschule.de\/blog\/wp-json\/wp\/v2\/media?parent=4507"}],"wp:term":[{"taxonomy":"category","embeddable":true,"href":"http:\/\/www.tarnowschule.de\/blog\/wp-json\/wp\/v2\/categories?post=4507"},{"taxonomy":"post_tag","embeddable":true,"href":"http:\/\/www.tarnowschule.de\/blog\/wp-json\/wp\/v2\/tags?post=4507"}],"curies":[{"name":"wp","href":"https:\/\/api.w.org\/{rel}","templated":true}]}}