{"id":4368,"date":"2020-08-05T09:53:10","date_gmt":"2020-08-05T07:53:10","guid":{"rendered":"http:\/\/www.tarnowschule.de\/blog\/?p=4368"},"modified":"2021-01-12T11:22:41","modified_gmt":"2021-01-12T10:22:41","slug":"maskenpflicht-auf-dem-gesamten-schulgelaende","status":"publish","type":"post","link":"http:\/\/www.tarnowschule.de\/blog\/2020\/08\/maskenpflicht-auf-dem-gesamten-schulgelaende\/","title":{"rendered":"Maskenpflicht auf dem gesamten Schulgel\u00e4nde"},"content":{"rendered":"\n<p>Mit Wirkung vom 5.8.2020 besteht in unserem Schulgeb\u00e4ude und auf allen schulischen Anlagen (auch auf dem Schulhof) Maskenpflicht. Ausgenommen sind Sch\u00fclerinnen und Sch\u00fcler unserer Schule und Personen, die sich im Unterricht befinden. <\/p>\n\n\n\n<p>Wer dieser Pflicht vors\u00e4tzlich nicht nachkommt, darf f\u00fcr die Dauer eines Kalendertages vom Schulgel\u00e4nde verwiesen werden. Anbei die Allgemeinverf\u00fcgung der Landesregierung.<\/p>\n\n\n\n<p>Das Schulgel\u00e4nde der Nordlicht Schule darf durch Eltern und Kinder unserer Schule w\u00e4hrend des Schulbetriebes (7 bis 16 Uhr) nicht betreten werden. Ausnahme ist der Zugang zum Sportplatz durch Klassen und Lehrkr\u00e4fte im Rahmen des Sportunterrichtes sowie im Rahmen des Vereinssportes.<\/p>\n\n\n\n<div class=\"wp-block-file\"><a href=\"http:\/\/www.tarnowschule.de\/blog\/wp-content\/uploads\/2020\/08\/Allgemeinverf\u00fcgung_vom_4.8.2020.pdf\">Allgemeinverf\u00fcgung vom 4.8.2020<\/a><a href=\"http:\/\/www.tarnowschule.de\/blog\/wp-content\/uploads\/2020\/08\/Allgemeinverf\u00fcgung_vom_4.8.2020.pdf\" class=\"wp-block-file__button\" download>Herunterladen<\/a><\/div>\n","protected":false},"excerpt":{"rendered":"<p>Mit Wirkung vom 5.8.2020 besteht in unserem Schulgeb\u00e4ude und auf allen schulischen Anlagen (auch auf dem Schulhof) Maskenpflicht. Ausgenommen sind Sch\u00fclerinnen und Sch\u00fcler unserer Schule und Personen, die sich im Unterricht befinden. Wer dieser Pflicht vors\u00e4tzlich nicht nachkommt, darf f\u00fcr die Dauer eines Kalendertages vom Schulgel\u00e4nde verwiesen werden. Anbei die Allgemeinverf\u00fcgung der Landesregierung. Das Schulgel\u00e4nde [&hellip;]<\/p>\n","protected":false},"author":13,"featured_media":0,"comment_status":"closed","ping_status":"closed","sticky":false,"template":"","format":"standard","meta":{"site-sidebar-layout":"default","site-content-layout":"default","ast-site-content-layout":"default","site-content-style":"default","site-sidebar-style":"default","ast-global-header-display":"","ast-banner-title-visibility":"","ast-main-header-display":"","ast-hfb-above-header-display":"","ast-hfb-below-header-display":"","ast-hfb-mobile-header-display":"","site-post-title":"","ast-breadcrumbs-content":null,"ast-featured-img":"","footer-sml-layout":"","ast-disable-related-posts":"","theme-transparent-header-meta":"default","adv-header-id-meta":null,"stick-header-meta":null,"header-above-stick-meta":null,"header-main-stick-meta":null,"header-below-stick-meta":null,"astra-migrate-meta-layouts":"default","ast-page-background-enabled":"default","ast-page-background-meta":{"desktop":{"background-color":"","background-image":"","background-repeat":"repeat","background-position":"center center","background-size":"auto","background-attachment":"scroll","background-type":"","background-media":"","overlay-type":"","overlay-color":"","overlay-opacity":"","overlay-gradient":""},"tablet":{"background-color":"","background-image":"","background-repeat":"repeat","background-position":"center center","background-size":"auto","background-attachment":"scroll","background-type":"","background-media":"","overlay-type":"","overlay-color":"","overlay-opacity":"","overlay-gradient":""},"mobile":{"background-color":"","background-image":"","background-repeat":"repeat","background-position":"center center","background-size":"auto","background-attachment":"scroll","background-type":"","background-media":"","overlay-type":"","overlay-color":"","overlay-opacity":"","overlay-gradient":""}},"ast-content-background-meta":{"desktop":{"background-color":"var(--ast-global-color-5)","background-image":"","background-repeat":"repeat","background-position":"center center","background-size":"auto","background-attachment":"scroll","background-type":"","background-media":"","overlay-type":"","overlay-color":"","overlay-opacity":"","overlay-gradient":""},"tablet":{"background-color":"var(--ast-global-color-5)","background-image":"","background-repeat":"repeat","background-position":"center center","background-size":"auto","background-attachment":"scroll","background-type":"","background-media":"","overlay-type":"","overlay-color":"","overlay-opacity":"","overlay-gradient":""},"mobile":{"background-color":"var(--ast-global-color-5)","background-image":"","background-repeat":"repeat","background-position":"center center","background-size":"auto","background-attachment":"scroll","background-type":"","background-media":"","overlay-type":"","overlay-color":"","overlay-opacity":"","overlay-gradient":""}},"footnotes":""},"categories":[1],"tags":[],"class_list":["post-4368","post","type-post","status-publish","format-standard","hentry","category-home"],"_links":{"self":[{"href":"http:\/\/www.tarnowschule.de\/blog\/wp-json\/wp\/v2\/posts\/4368","targetHints":{"allow":["GET"]}}],"collection":[{"href":"http:\/\/www.tarnowschule.de\/blog\/wp-json\/wp\/v2\/posts"}],"about":[{"href":"http:\/\/www.tarnowschule.de\/blog\/wp-json\/wp\/v2\/types\/post"}],"author":[{"embeddable":true,"href":"http:\/\/www.tarnowschule.de\/blog\/wp-json\/wp\/v2\/users\/13"}],"replies":[{"embeddable":true,"href":"http:\/\/www.tarnowschule.de\/blog\/wp-json\/wp\/v2\/comments?post=4368"}],"version-history":[{"count":3,"href":"http:\/\/www.tarnowschule.de\/blog\/wp-json\/wp\/v2\/posts\/4368\/revisions"}],"predecessor-version":[{"id":4372,"href":"http:\/\/www.tarnowschule.de\/blog\/wp-json\/wp\/v2\/posts\/4368\/revisions\/4372"}],"wp:attachment":[{"href":"http:\/\/www.tarnowschule.de\/blog\/wp-json\/wp\/v2\/media?parent=4368"}],"wp:term":[{"taxonomy":"category","embeddable":true,"href":"http:\/\/www.tarnowschule.de\/blog\/wp-json\/wp\/v2\/categories?post=4368"},{"taxonomy":"post_tag","embeddable":true,"href":"http:\/\/www.tarnowschule.de\/blog\/wp-json\/wp\/v2\/tags?post=4368"}],"curies":[{"name":"wp","href":"https:\/\/api.w.org\/{rel}","templated":true}]}}