{"id":3395,"date":"2016-11-23T12:06:16","date_gmt":"2016-11-23T11:06:16","guid":{"rendered":"http:\/\/www.tarnowschule.de\/blog\/?p=3395"},"modified":"2016-11-23T12:06:50","modified_gmt":"2016-11-23T11:06:50","slug":"besuch-aus-dem-bundestag","status":"publish","type":"post","link":"http:\/\/www.tarnowschule.de\/blog\/2016\/11\/besuch-aus-dem-bundestag\/","title":{"rendered":"Besuch aus dem Bundestag"},"content":{"rendered":"<p>Am Mittwoch, den 16. November bekam unsere Schule anl\u00e4sslich des Aktionstages Kinderrechte Besuch vom Bundestagsabgeordneten Dr. Harald Terpe. F\u00fcnfzehn gut vorbereitete Kinder aus allen 3. Klassen diskutierten mit dem Politiker \u00fcber Kinderrechte und stellten viele Fragen. Dabei wurde klar, dass zwar laut UN-Kinderrechtskonvention alle Kinder in unserem Land und auf der Welt die gleichen Rechte haben. Trotzdem gibt es aber noch viel zu tun, damit diese auch \u00fcberall umgesetzt werden.<\/p>\n<p>von Bianca Gentz<\/p>\n<p><a href=\"http:\/\/www.tarnowschule.de\/blog\/wp-content\/uploads\/2016\/11\/Kinderrechte.jpg\"><img loading=\"lazy\" decoding=\"async\" width=\"500\" height=\"750\" class=\"alignleft size-full wp-image-3396\" alt=\"kinderrechte\" src=\"http:\/\/www.tarnowschule.de\/blog\/wp-content\/uploads\/2016\/11\/Kinderrechte.jpg\" srcset=\"http:\/\/www.tarnowschule.de\/blog\/wp-content\/uploads\/2016\/11\/Kinderrechte.jpg 500w, http:\/\/www.tarnowschule.de\/blog\/wp-content\/uploads\/2016\/11\/Kinderrechte-100x150.jpg 100w, http:\/\/www.tarnowschule.de\/blog\/wp-content\/uploads\/2016\/11\/Kinderrechte-200x300.jpg 200w\" sizes=\"auto, (max-width: 500px) 100vw, 500px\" \/><\/a><\/p>\n","protected":false},"excerpt":{"rendered":"<p>Am Mittwoch, den 16. November bekam unsere Schule anl\u00e4sslich des Aktionstages Kinderrechte Besuch vom Bundestagsabgeordneten Dr. Harald Terpe. F\u00fcnfzehn gut vorbereitete Kinder aus allen 3. Klassen diskutierten mit dem Politiker \u00fcber Kinderrechte und stellten viele Fragen. Dabei wurde klar, dass zwar laut UN-Kinderrechtskonvention alle Kinder in unserem Land und auf der Welt die gleichen Rechte [&hellip;]<\/p>\n","protected":false},"author":1,"featured_media":0,"comment_status":"closed","ping_status":"closed","sticky":false,"template":"","format":"standard","meta":{"site-sidebar-layout":"default","site-content-layout":"","ast-site-content-layout":"default","site-content-style":"default","site-sidebar-style":"default","ast-global-header-display":"","ast-banner-title-visibility":"","ast-main-header-display":"","ast-hfb-above-header-display":"","ast-hfb-below-header-display":"","ast-hfb-mobile-header-display":"","site-post-title":"","ast-breadcrumbs-content":"","ast-featured-img":"","footer-sml-layout":"","ast-disable-related-posts":"","theme-transparent-header-meta":"","adv-header-id-meta":"","stick-header-meta":"","header-above-stick-meta":"","header-main-stick-meta":"","header-below-stick-meta":"","astra-migrate-meta-layouts":"default","ast-page-background-enabled":"default","ast-page-background-meta":{"desktop":{"background-color":"","background-image":"","background-repeat":"repeat","background-position":"center center","background-size":"auto","background-attachment":"scroll","background-type":"","background-media":"","overlay-type":"","overlay-color":"","overlay-opacity":"","overlay-gradient":""},"tablet":{"background-color":"","background-image":"","background-repeat":"repeat","background-position":"center center","background-size":"auto","background-attachment":"scroll","background-type":"","background-media":"","overlay-type":"","overlay-color":"","overlay-opacity":"","overlay-gradient":""},"mobile":{"background-color":"","background-image":"","background-repeat":"repeat","background-position":"center center","background-size":"auto","background-attachment":"scroll","background-type":"","background-media":"","overlay-type":"","overlay-color":"","overlay-opacity":"","overlay-gradient":""}},"ast-content-background-meta":{"desktop":{"background-color":"var(--ast-global-color-5)","background-image":"","background-repeat":"repeat","background-position":"center center","background-size":"auto","background-attachment":"scroll","background-type":"","background-media":"","overlay-type":"","overlay-color":"","overlay-opacity":"","overlay-gradient":""},"tablet":{"background-color":"var(--ast-global-color-5)","background-image":"","background-repeat":"repeat","background-position":"center center","background-size":"auto","background-attachment":"scroll","background-type":"","background-media":"","overlay-type":"","overlay-color":"","overlay-opacity":"","overlay-gradient":""},"mobile":{"background-color":"var(--ast-global-color-5)","background-image":"","background-repeat":"repeat","background-position":"center center","background-size":"auto","background-attachment":"scroll","background-type":"","background-media":"","overlay-type":"","overlay-color":"","overlay-opacity":"","overlay-gradient":""}},"footnotes":""},"categories":[21,1],"tags":[],"class_list":["post-3395","post","type-post","status-publish","format-standard","hentry","category-berichte","category-home"],"_links":{"self":[{"href":"http:\/\/www.tarnowschule.de\/blog\/wp-json\/wp\/v2\/posts\/3395","targetHints":{"allow":["GET"]}}],"collection":[{"href":"http:\/\/www.tarnowschule.de\/blog\/wp-json\/wp\/v2\/posts"}],"about":[{"href":"http:\/\/www.tarnowschule.de\/blog\/wp-json\/wp\/v2\/types\/post"}],"author":[{"embeddable":true,"href":"http:\/\/www.tarnowschule.de\/blog\/wp-json\/wp\/v2\/users\/1"}],"replies":[{"embeddable":true,"href":"http:\/\/www.tarnowschule.de\/blog\/wp-json\/wp\/v2\/comments?post=3395"}],"version-history":[{"count":2,"href":"http:\/\/www.tarnowschule.de\/blog\/wp-json\/wp\/v2\/posts\/3395\/revisions"}],"predecessor-version":[{"id":3398,"href":"http:\/\/www.tarnowschule.de\/blog\/wp-json\/wp\/v2\/posts\/3395\/revisions\/3398"}],"wp:attachment":[{"href":"http:\/\/www.tarnowschule.de\/blog\/wp-json\/wp\/v2\/media?parent=3395"}],"wp:term":[{"taxonomy":"category","embeddable":true,"href":"http:\/\/www.tarnowschule.de\/blog\/wp-json\/wp\/v2\/categories?post=3395"},{"taxonomy":"post_tag","embeddable":true,"href":"http:\/\/www.tarnowschule.de\/blog\/wp-json\/wp\/v2\/tags?post=3395"}],"curies":[{"name":"wp","href":"https:\/\/api.w.org\/{rel}","templated":true}]}}