{"id":3234,"date":"2016-09-27T17:32:25","date_gmt":"2016-09-27T15:32:25","guid":{"rendered":"http:\/\/www.tarnowschule.de\/blog\/?p=3234"},"modified":"2019-08-21T12:45:44","modified_gmt":"2019-08-21T10:45:44","slug":"hurra-ich-bin-ein-schulkind","status":"publish","type":"post","link":"http:\/\/www.tarnowschule.de\/blog\/2016\/09\/hurra-ich-bin-ein-schulkind\/","title":{"rendered":"Hurra, ich bin ein Schulkind &#8230;"},"content":{"rendered":"<p>Lange mussten wir auf diesen Tag warten. Nun endlich war er da. Am Samstag, den 3. September 2016 wurden wir eingeschult. Ganz aufgeregt begr\u00fc\u00dfte uns unsere Klassenlehrerin Frau Hiller und begleitete uns zu unseren Pl\u00e4tzen. Von der ersten Reihe aus hatten wir alles gut im Blick und genossen das tolle Programm der \u00e4lteren Kinder. Anschlie\u00dfend gingen wir in unser Klassenzimmer. Hier gab es viel zu entdecken. Auf dem Tisch lagen unsere Fibel und unser Mathebuch. Nach ein paar Minuten kamen auch unsere Eltern und G\u00e4ste hinzu. Alle wollten sie Foto machen. Wir kamen aus dem Dauergrinsen nicht mehr heraus. Nun waren wir ganz gespannt auf den ersten richtigen Schultag und nat\u00fcrlich auf den Inhalt unserer Schult\u00fcten.<\/p>\n<p><a href=\"http:\/\/www.tarnowschule.de\/blog\/wp-content\/uploads\/2016\/09\/1c_Einschulung.jpg\"><img loading=\"lazy\" decoding=\"async\" class=\"alignleft size-full wp-image-3282\" src=\"http:\/\/www.tarnowschule.de\/blog\/wp-content\/uploads\/2016\/09\/1c_Einschulung.jpg\" alt=\"1c_einschulung\" width=\"500\" height=\"500\" srcset=\"http:\/\/www.tarnowschule.de\/blog\/wp-content\/uploads\/2016\/09\/1c_Einschulung.jpg 500w, http:\/\/www.tarnowschule.de\/blog\/wp-content\/uploads\/2016\/09\/1c_Einschulung-150x150.jpg 150w, http:\/\/www.tarnowschule.de\/blog\/wp-content\/uploads\/2016\/09\/1c_Einschulung-300x300.jpg 300w\" sizes=\"auto, (max-width: 500px) 100vw, 500px\" \/><\/a><\/p>\n","protected":false},"excerpt":{"rendered":"<p>Lange mussten wir auf diesen Tag warten. Nun endlich war er da. Am Samstag, den 3. September 2016 wurden wir eingeschult. Ganz aufgeregt begr\u00fc\u00dfte uns unsere Klassenlehrerin Frau Hiller und begleitete uns zu unseren Pl\u00e4tzen. Von der ersten Reihe aus hatten wir alles gut im Blick und genossen das tolle Programm der \u00e4lteren Kinder. Anschlie\u00dfend [&hellip;]<\/p>\n","protected":false},"author":1,"featured_media":0,"comment_status":"closed","ping_status":"closed","sticky":false,"template":"","format":"standard","meta":{"site-sidebar-layout":"default","site-content-layout":"","ast-site-content-layout":"default","site-content-style":"default","site-sidebar-style":"default","ast-global-header-display":"","ast-banner-title-visibility":"","ast-main-header-display":"","ast-hfb-above-header-display":"","ast-hfb-below-header-display":"","ast-hfb-mobile-header-display":"","site-post-title":"","ast-breadcrumbs-content":"","ast-featured-img":"","footer-sml-layout":"","ast-disable-related-posts":"","theme-transparent-header-meta":"","adv-header-id-meta":"","stick-header-meta":"","header-above-stick-meta":"","header-main-stick-meta":"","header-below-stick-meta":"","astra-migrate-meta-layouts":"default","ast-page-background-enabled":"default","ast-page-background-meta":{"desktop":{"background-color":"","background-image":"","background-repeat":"repeat","background-position":"center center","background-size":"auto","background-attachment":"scroll","background-type":"","background-media":"","overlay-type":"","overlay-color":"","overlay-opacity":"","overlay-gradient":""},"tablet":{"background-color":"","background-image":"","background-repeat":"repeat","background-position":"center center","background-size":"auto","background-attachment":"scroll","background-type":"","background-media":"","overlay-type":"","overlay-color":"","overlay-opacity":"","overlay-gradient":""},"mobile":{"background-color":"","background-image":"","background-repeat":"repeat","background-position":"center center","background-size":"auto","background-attachment":"scroll","background-type":"","background-media":"","overlay-type":"","overlay-color":"","overlay-opacity":"","overlay-gradient":""}},"ast-content-background-meta":{"desktop":{"background-color":"var(--ast-global-color-5)","background-image":"","background-repeat":"repeat","background-position":"center center","background-size":"auto","background-attachment":"scroll","background-type":"","background-media":"","overlay-type":"","overlay-color":"","overlay-opacity":"","overlay-gradient":""},"tablet":{"background-color":"var(--ast-global-color-5)","background-image":"","background-repeat":"repeat","background-position":"center center","background-size":"auto","background-attachment":"scroll","background-type":"","background-media":"","overlay-type":"","overlay-color":"","overlay-opacity":"","overlay-gradient":""},"mobile":{"background-color":"var(--ast-global-color-5)","background-image":"","background-repeat":"repeat","background-position":"center center","background-size":"auto","background-attachment":"scroll","background-type":"","background-media":"","overlay-type":"","overlay-color":"","overlay-opacity":"","overlay-gradient":""}},"footnotes":""},"categories":[21],"tags":[],"class_list":["post-3234","post","type-post","status-publish","format-standard","hentry","category-berichte"],"_links":{"self":[{"href":"http:\/\/www.tarnowschule.de\/blog\/wp-json\/wp\/v2\/posts\/3234","targetHints":{"allow":["GET"]}}],"collection":[{"href":"http:\/\/www.tarnowschule.de\/blog\/wp-json\/wp\/v2\/posts"}],"about":[{"href":"http:\/\/www.tarnowschule.de\/blog\/wp-json\/wp\/v2\/types\/post"}],"author":[{"embeddable":true,"href":"http:\/\/www.tarnowschule.de\/blog\/wp-json\/wp\/v2\/users\/1"}],"replies":[{"embeddable":true,"href":"http:\/\/www.tarnowschule.de\/blog\/wp-json\/wp\/v2\/comments?post=3234"}],"version-history":[{"count":3,"href":"http:\/\/www.tarnowschule.de\/blog\/wp-json\/wp\/v2\/posts\/3234\/revisions"}],"predecessor-version":[{"id":3284,"href":"http:\/\/www.tarnowschule.de\/blog\/wp-json\/wp\/v2\/posts\/3234\/revisions\/3284"}],"wp:attachment":[{"href":"http:\/\/www.tarnowschule.de\/blog\/wp-json\/wp\/v2\/media?parent=3234"}],"wp:term":[{"taxonomy":"category","embeddable":true,"href":"http:\/\/www.tarnowschule.de\/blog\/wp-json\/wp\/v2\/categories?post=3234"},{"taxonomy":"post_tag","embeddable":true,"href":"http:\/\/www.tarnowschule.de\/blog\/wp-json\/wp\/v2\/tags?post=3234"}],"curies":[{"name":"wp","href":"https:\/\/api.w.org\/{rel}","templated":true}]}}