{"id":3160,"date":"2016-06-08T18:09:21","date_gmt":"2016-06-08T16:09:21","guid":{"rendered":"http:\/\/www.tarnowschule.de\/blog\/?p=3160"},"modified":"2017-09-22T12:36:53","modified_gmt":"2017-09-22T10:36:53","slug":"wandern-wir-mal","status":"publish","type":"post","link":"http:\/\/www.tarnowschule.de\/blog\/2016\/06\/wandern-wir-mal\/","title":{"rendered":"Wandern wir mal, &#8230;"},"content":{"rendered":"<p>&#8230; wandern wir mal, rein in die Natur.<\/p>\n<p>Getreu dem Motto eines alten Liedes startete die DFK 1 am 8. Juni 2016 zu einem Wandertag, der ausschlie\u00dflich zu Fu\u00df bew\u00e4ltigt wurde. Von der Schule aus ging es durch Lichtenhagen, \u00fcber die S-Bahn-Br\u00fccke zu einem gro\u00dfen Holzspielplatz am Rande Gro\u00df Kleins. Hier wurde der erste Zwischenstopp mit Picknickpause eingelegt. Nach ausreichend Spielzeit ging es weiter zum IGA-Park. Auf der gro\u00dfen Wiese und dem Sportplatz wurden die vom <a href=\"http:\/\/www.tarnowschule.de\/blog\/schulverein\/\" target=\"_blank\">Schulverein<\/a> gesponserten Spielger\u00e4ten ausgiebig gemeinsam getestet. Soviel Zeit zum gemeinsamen Spiel ist doch das Tollste an so einem Wandertag, befanden die Kinder einstimmig. Letzte Station war der thematische Spielplatz zur Geschichte &#8222;Gullivers Reisen&#8220; auf der anderen Parkseite, bevor es \u00fcber L\u00fctten Klein zur\u00fcck zur Schule nach Lichtenhagen ging. Ersch\u00f6pft trafen alle gegen 13 Uhr an der Schule ein. Die 10 km-Marke wurde nur knapp verpasst.<\/p>\n<p><a href=\"http:\/\/www.tarnowschule.de\/blog\/wp-content\/uploads\/2016\/06\/image.jpg\"><img loading=\"lazy\" decoding=\"async\" class=\"alignleft size-full wp-image-3161\" src=\"http:\/\/www.tarnowschule.de\/blog\/wp-content\/uploads\/2016\/06\/image.jpg\" alt=\"image\" width=\"500\" height=\"500\" srcset=\"http:\/\/www.tarnowschule.de\/blog\/wp-content\/uploads\/2016\/06\/image.jpg 500w, http:\/\/www.tarnowschule.de\/blog\/wp-content\/uploads\/2016\/06\/image-150x150.jpg 150w, http:\/\/www.tarnowschule.de\/blog\/wp-content\/uploads\/2016\/06\/image-300x300.jpg 300w\" sizes=\"auto, (max-width: 500px) 100vw, 500px\" \/><\/a><\/p>\n","protected":false},"excerpt":{"rendered":"<p>&#8230; wandern wir mal, rein in die Natur. Getreu dem Motto eines alten Liedes startete die DFK 1 am 8. Juni 2016 zu einem Wandertag, der ausschlie\u00dflich zu Fu\u00df bew\u00e4ltigt wurde. Von der Schule aus ging es durch Lichtenhagen, \u00fcber die S-Bahn-Br\u00fccke zu einem gro\u00dfen Holzspielplatz am Rande Gro\u00df Kleins. Hier wurde der erste Zwischenstopp [&hellip;]<\/p>\n","protected":false},"author":13,"featured_media":0,"comment_status":"closed","ping_status":"closed","sticky":false,"template":"","format":"standard","meta":{"site-sidebar-layout":"default","site-content-layout":"","ast-site-content-layout":"default","site-content-style":"default","site-sidebar-style":"default","ast-global-header-display":"","ast-banner-title-visibility":"","ast-main-header-display":"","ast-hfb-above-header-display":"","ast-hfb-below-header-display":"","ast-hfb-mobile-header-display":"","site-post-title":"","ast-breadcrumbs-content":"","ast-featured-img":"","footer-sml-layout":"","ast-disable-related-posts":"","theme-transparent-header-meta":"","adv-header-id-meta":"","stick-header-meta":"","header-above-stick-meta":"","header-main-stick-meta":"","header-below-stick-meta":"","astra-migrate-meta-layouts":"default","ast-page-background-enabled":"default","ast-page-background-meta":{"desktop":{"background-color":"","background-image":"","background-repeat":"repeat","background-position":"center center","background-size":"auto","background-attachment":"scroll","background-type":"","background-media":"","overlay-type":"","overlay-color":"","overlay-opacity":"","overlay-gradient":""},"tablet":{"background-color":"","background-image":"","background-repeat":"repeat","background-position":"center center","background-size":"auto","background-attachment":"scroll","background-type":"","background-media":"","overlay-type":"","overlay-color":"","overlay-opacity":"","overlay-gradient":""},"mobile":{"background-color":"","background-image":"","background-repeat":"repeat","background-position":"center center","background-size":"auto","background-attachment":"scroll","background-type":"","background-media":"","overlay-type":"","overlay-color":"","overlay-opacity":"","overlay-gradient":""}},"ast-content-background-meta":{"desktop":{"background-color":"var(--ast-global-color-5)","background-image":"","background-repeat":"repeat","background-position":"center center","background-size":"auto","background-attachment":"scroll","background-type":"","background-media":"","overlay-type":"","overlay-color":"","overlay-opacity":"","overlay-gradient":""},"tablet":{"background-color":"var(--ast-global-color-5)","background-image":"","background-repeat":"repeat","background-position":"center center","background-size":"auto","background-attachment":"scroll","background-type":"","background-media":"","overlay-type":"","overlay-color":"","overlay-opacity":"","overlay-gradient":""},"mobile":{"background-color":"var(--ast-global-color-5)","background-image":"","background-repeat":"repeat","background-position":"center center","background-size":"auto","background-attachment":"scroll","background-type":"","background-media":"","overlay-type":"","overlay-color":"","overlay-opacity":"","overlay-gradient":""}},"footnotes":""},"categories":[21],"tags":[],"class_list":["post-3160","post","type-post","status-publish","format-standard","hentry","category-berichte"],"_links":{"self":[{"href":"http:\/\/www.tarnowschule.de\/blog\/wp-json\/wp\/v2\/posts\/3160","targetHints":{"allow":["GET"]}}],"collection":[{"href":"http:\/\/www.tarnowschule.de\/blog\/wp-json\/wp\/v2\/posts"}],"about":[{"href":"http:\/\/www.tarnowschule.de\/blog\/wp-json\/wp\/v2\/types\/post"}],"author":[{"embeddable":true,"href":"http:\/\/www.tarnowschule.de\/blog\/wp-json\/wp\/v2\/users\/13"}],"replies":[{"embeddable":true,"href":"http:\/\/www.tarnowschule.de\/blog\/wp-json\/wp\/v2\/comments?post=3160"}],"version-history":[{"count":5,"href":"http:\/\/www.tarnowschule.de\/blog\/wp-json\/wp\/v2\/posts\/3160\/revisions"}],"predecessor-version":[{"id":3166,"href":"http:\/\/www.tarnowschule.de\/blog\/wp-json\/wp\/v2\/posts\/3160\/revisions\/3166"}],"wp:attachment":[{"href":"http:\/\/www.tarnowschule.de\/blog\/wp-json\/wp\/v2\/media?parent=3160"}],"wp:term":[{"taxonomy":"category","embeddable":true,"href":"http:\/\/www.tarnowschule.de\/blog\/wp-json\/wp\/v2\/categories?post=3160"},{"taxonomy":"post_tag","embeddable":true,"href":"http:\/\/www.tarnowschule.de\/blog\/wp-json\/wp\/v2\/tags?post=3160"}],"curies":[{"name":"wp","href":"https:\/\/api.w.org\/{rel}","templated":true}]}}