{"id":2776,"date":"2014-10-26T14:15:57","date_gmt":"2014-10-26T13:15:57","guid":{"rendered":"http:\/\/www.tarnowschule.de\/blog\/?p=2776"},"modified":"2015-08-30T20:31:00","modified_gmt":"2015-08-30T18:31:00","slug":"der-1-wandertag-fuer-die-ameisenklasse","status":"publish","type":"post","link":"http:\/\/www.tarnowschule.de\/blog\/2014\/10\/der-1-wandertag-fuer-die-ameisenklasse\/","title":{"rendered":"Der 1. Wandertag f\u00fcr die Ameisenklasse"},"content":{"rendered":"<p>Nach den ersten aufregenden Tagen in der ersten Klasse, stand f\u00fcr 24 Jungen und M\u00e4dchen der Klasse 1b am 23. September 2014 ein weiterer H\u00f6hepunkt auf dem Plan: der erste Wandertag! Der Weg f\u00fchrte die Klassen 1b und 1c zun\u00e4chst in Richtung Bahn\u00fcbergang der Haltestelle Lichtenhagen, dann \u00fcber L\u00fctten Klein zum Eingang Nord des IGA-Parks. Noch vor dem Eingang hatten die Kinder sich eine ausgiebige Fr\u00fchst\u00fccks- und Spielpause auf einem Spielplatz in der N\u00e4he verdient. Auf dem Gel\u00e4nde des IGA-Parks gab es dann viel zu entdecken, zum Beispiel die Sport- und Schiffsarena, auf der es vielf\u00e4ltige M\u00f6glichkeiten zu gemeinsamen Spiel und Sport gab. Aber auch beim Gang durch den Naturpfad und den Weidendom gab es viel zu entdecken. Zum Schluss machten wir eine lange Pause auf dem Inselspielplatz, bevor der R\u00fcckmarsch angetreten wurde. Zur Freude der Kinder konnten wir dort riesige Insekten, unter anderem Ameisen, bewundern. Die echten Ameisen &#8211; unser Klassentier &#8211; mussten wir selbst mit den mirgebrachten Lupen schon ganz sch\u00f6n suchen. Den R\u00fcckweg \u00fcber den Ausgang Hansemesse, die Unterf\u00fchrung der S-Bahnhaltestelle L\u00fctten Klein und die St. Petersburger Stra\u00dfe haben die Kinder super gemeistert und waren gl\u00fccklich und ersch\u00f6pft, als wir wieder an der Schule ankamen.<\/p>\n<p style=\"text-align: justify;\">Vielen Dank an dieser Stelle an Herrn Wahl, der uns an diesem Tag begleitet und tatkr\u00e4ftig unterst\u00fctzt hat.<\/p>\n<p>&nbsp;<\/p>\n","protected":false},"excerpt":{"rendered":"<p>Nach den ersten aufregenden Tagen in der ersten Klasse, stand f\u00fcr 24 Jungen und M\u00e4dchen der Klasse 1b am 23. September 2014 ein weiterer H\u00f6hepunkt auf dem Plan: der erste Wandertag! Der Weg f\u00fchrte die Klassen 1b und 1c zun\u00e4chst in Richtung Bahn\u00fcbergang der Haltestelle Lichtenhagen, dann \u00fcber L\u00fctten Klein zum Eingang Nord des IGA-Parks. [&hellip;]<\/p>\n","protected":false},"author":32,"featured_media":0,"comment_status":"closed","ping_status":"closed","sticky":false,"template":"","format":"standard","meta":{"site-sidebar-layout":"default","site-content-layout":"","ast-site-content-layout":"default","site-content-style":"default","site-sidebar-style":"default","ast-global-header-display":"","ast-banner-title-visibility":"","ast-main-header-display":"","ast-hfb-above-header-display":"","ast-hfb-below-header-display":"","ast-hfb-mobile-header-display":"","site-post-title":"","ast-breadcrumbs-content":"","ast-featured-img":"","footer-sml-layout":"","ast-disable-related-posts":"","theme-transparent-header-meta":"","adv-header-id-meta":"","stick-header-meta":"","header-above-stick-meta":"","header-main-stick-meta":"","header-below-stick-meta":"","astra-migrate-meta-layouts":"default","ast-page-background-enabled":"default","ast-page-background-meta":{"desktop":{"background-color":"","background-image":"","background-repeat":"repeat","background-position":"center center","background-size":"auto","background-attachment":"scroll","background-type":"","background-media":"","overlay-type":"","overlay-color":"","overlay-opacity":"","overlay-gradient":""},"tablet":{"background-color":"","background-image":"","background-repeat":"repeat","background-position":"center center","background-size":"auto","background-attachment":"scroll","background-type":"","background-media":"","overlay-type":"","overlay-color":"","overlay-opacity":"","overlay-gradient":""},"mobile":{"background-color":"","background-image":"","background-repeat":"repeat","background-position":"center center","background-size":"auto","background-attachment":"scroll","background-type":"","background-media":"","overlay-type":"","overlay-color":"","overlay-opacity":"","overlay-gradient":""}},"ast-content-background-meta":{"desktop":{"background-color":"var(--ast-global-color-5)","background-image":"","background-repeat":"repeat","background-position":"center center","background-size":"auto","background-attachment":"scroll","background-type":"","background-media":"","overlay-type":"","overlay-color":"","overlay-opacity":"","overlay-gradient":""},"tablet":{"background-color":"var(--ast-global-color-5)","background-image":"","background-repeat":"repeat","background-position":"center center","background-size":"auto","background-attachment":"scroll","background-type":"","background-media":"","overlay-type":"","overlay-color":"","overlay-opacity":"","overlay-gradient":""},"mobile":{"background-color":"var(--ast-global-color-5)","background-image":"","background-repeat":"repeat","background-position":"center center","background-size":"auto","background-attachment":"scroll","background-type":"","background-media":"","overlay-type":"","overlay-color":"","overlay-opacity":"","overlay-gradient":""}},"footnotes":""},"categories":[21],"tags":[],"class_list":["post-2776","post","type-post","status-publish","format-standard","hentry","category-berichte"],"_links":{"self":[{"href":"http:\/\/www.tarnowschule.de\/blog\/wp-json\/wp\/v2\/posts\/2776","targetHints":{"allow":["GET"]}}],"collection":[{"href":"http:\/\/www.tarnowschule.de\/blog\/wp-json\/wp\/v2\/posts"}],"about":[{"href":"http:\/\/www.tarnowschule.de\/blog\/wp-json\/wp\/v2\/types\/post"}],"author":[{"embeddable":true,"href":"http:\/\/www.tarnowschule.de\/blog\/wp-json\/wp\/v2\/users\/32"}],"replies":[{"embeddable":true,"href":"http:\/\/www.tarnowschule.de\/blog\/wp-json\/wp\/v2\/comments?post=2776"}],"version-history":[{"count":10,"href":"http:\/\/www.tarnowschule.de\/blog\/wp-json\/wp\/v2\/posts\/2776\/revisions"}],"predecessor-version":[{"id":2875,"href":"http:\/\/www.tarnowschule.de\/blog\/wp-json\/wp\/v2\/posts\/2776\/revisions\/2875"}],"wp:attachment":[{"href":"http:\/\/www.tarnowschule.de\/blog\/wp-json\/wp\/v2\/media?parent=2776"}],"wp:term":[{"taxonomy":"category","embeddable":true,"href":"http:\/\/www.tarnowschule.de\/blog\/wp-json\/wp\/v2\/categories?post=2776"},{"taxonomy":"post_tag","embeddable":true,"href":"http:\/\/www.tarnowschule.de\/blog\/wp-json\/wp\/v2\/tags?post=2776"}],"curies":[{"name":"wp","href":"https:\/\/api.w.org\/{rel}","templated":true}]}}